{"id":51912,"date":"2018-04-05T07:02:26","date_gmt":"2018-04-05T05:02:26","guid":{"rendered":"http:\/\/www.alpineappart.at\/uncategorized\/yogafruehling-gastein-atme-die-berge\/"},"modified":"2018-04-05T07:02:26","modified_gmt":"2018-04-05T05:02:26","slug":"yogafruehling-gastein-atme-die-berge","status":"publish","type":"post","link":"https:\/\/www.alpineappart.at\/en\/news-en\/yogafruehling-gastein-atme-die-berge\/","title":{"rendered":"Yogafr\u00fchling Gastein \u2013 Atme die Berge"},"content":{"rendered":"<div class=\"wpb-content-wrapper\"><p>[vc_row][vc_column][vc_column_text]<strong>25. Mai bis 3. Juni 2018<\/strong><\/p>\n<p>Warum Gastein dem Sonnengru\u00df eine neue Bedeutung verleiht. Yoga ist gesund. In freier Natur ist es noch ges\u00fcnder. Und vor der Kulisse der majest\u00e4tischen Hohen Tauern wird es zur Kraftquelle und zum ganz besonderen Erlebnis. Zwei Mal im Jahr kann man an den\u00a0Yogatagen in Gastein\u00a0teilnehmen, gemeinsam Asanas durchf\u00fchren, Atemtechniken \u00fcben und in den flie\u00dfenden Bewegungen Ruhe und Kraft finden. Solche Auszeiten sind in unserer oft hektischen und schnelllebigen Zeit besonders wichtig. Und so sind die Gasteiner Yogatage mittlerweile zur\u00a0gr\u00f6\u00dften Yoga-Veranstaltung Europas\u00a0herangewachsen.[\/vc_column_text][\/vc_column][\/vc_row]<\/p>\n<\/div>","protected":false},"excerpt":{"rendered":"<p>[vc_row][vc_column][vc_column_text]25. Mai bis 3. Juni 2018 Warum Gastein dem Sonnengru\u00df eine neue Bedeutung verleiht. Yoga ist gesund. In freier Natur ist es noch ges\u00fcnder. Und vor der Kulisse der majest\u00e4tischen Hohen Tauern wird es zur Kraftquelle und zum ganz besonderen Erlebnis. Zwei Mal im Jahr kann man an den\u00a0Yogatagen in Gastein\u00a0teilnehmen, gemeinsam Asanas durchf\u00fchren, Atemtechniken&hellip;<\/p>\n","protected":false},"author":3,"featured_media":0,"comment_status":"closed","ping_status":"open","sticky":false,"template":"","format":"standard","meta":{"footnotes":""},"categories":[129],"tags":[],"class_list":["post-51912","post","type-post","status-publish","format-standard","hentry","category-news-en","category-129","description-off"],"_links":{"self":[{"href":"https:\/\/www.alpineappart.at\/en\/wp-json\/wp\/v2\/posts\/51912","targetHints":{"allow":["GET"]}}],"collection":[{"href":"https:\/\/www.alpineappart.at\/en\/wp-json\/wp\/v2\/posts"}],"about":[{"href":"https:\/\/www.alpineappart.at\/en\/wp-json\/wp\/v2\/types\/post"}],"author":[{"embeddable":true,"href":"https:\/\/www.alpineappart.at\/en\/wp-json\/wp\/v2\/users\/3"}],"replies":[{"embeddable":true,"href":"https:\/\/www.alpineappart.at\/en\/wp-json\/wp\/v2\/comments?post=51912"}],"version-history":[{"count":1,"href":"https:\/\/www.alpineappart.at\/en\/wp-json\/wp\/v2\/posts\/51912\/revisions"}],"predecessor-version":[{"id":51913,"href":"https:\/\/www.alpineappart.at\/en\/wp-json\/wp\/v2\/posts\/51912\/revisions\/51913"}],"wp:attachment":[{"href":"https:\/\/www.alpineappart.at\/en\/wp-json\/wp\/v2\/media?parent=51912"}],"wp:term":[{"taxonomy":"category","embeddable":true,"href":"https:\/\/www.alpineappart.at\/en\/wp-json\/wp\/v2\/categories?post=51912"},{"taxonomy":"post_tag","embeddable":true,"href":"https:\/\/www.alpineappart.at\/en\/wp-json\/wp\/v2\/tags?post=51912"}],"curies":[{"name":"wp","href":"https:\/\/api.w.org\/{rel}","templated":true}]}}